{"id":152,"date":"2011-05-14T17:50:00","date_gmt":"2011-05-14T17:50:00","guid":{"rendered":"http:\/\/loeilduchatnoir.fr\/blog\/?p=152"},"modified":"2011-05-14T17:50:00","modified_gmt":"2011-05-14T17:50:00","slug":"senteurs-pascales-un-dimanche-au-bord-de-l-eau","status":"publish","type":"post","link":"https:\/\/loeilduchatnoir.fr\/blog\/?p=152","title":{"rendered":"Senteurs pascales : Un dimanche au bord de l&#8217;eau (version noir et blanc)"},"content":{"rendered":"<hr>\n<p>P\u00e2ques c&#8217;est avant tout un week end familial. A Uzer, c&#8217;est souvent de grande tabl\u00e9e autour d&#8217;un repas qui traine en longueur jusqu&#8217;\u00e0 l&#8217;alanguissement au bord de l&#8217;eau \u00e0 essayer d&#8217;attraper quelques malheureux vairons. Les enfants adorent. Les parents parfois beaucoup moins !!!<\/p>\n<p>Quelques s\u00e9ries de photos prise \u00e0 cette occasion, du classique mais aussi quelques essais de traitement pas toujours r\u00e9ussi !!!<\/p>\n<p>Commen\u00e7ons simple &#8230;. et Noir et Blanc &#8230;. sans quota !!!<\/p>\n<hr>\n<p>&nbsp; <a title=\"GroupeNB1.jpg\" href=\"\/lechatnoir07\/public\/2011\/SenteursPascales\/NoirBlanc\/GroupeNB1.jpg\"><img decoding=\"async\" title=\"GroupeNB1.jpg, mai 2011\" style=\"margin: 0 auto; display: block;\" alt=\"GroupeNB1.jpg\" src=\"\/lechatnoir07\/public\/2011\/SenteursPascales\/NoirBlanc\/.GroupeNB1_m.jpg\" \/><\/a><\/p>\n<hr>\n<p><\/p>\n<p><a title=\"GroupeNB2.jpg\" href=\"\/lechatnoir07\/public\/2011\/SenteursPascales\/NoirBlanc\/GroupeNB2.jpg\"><img decoding=\"async\" title=\"GroupeNB2.jpg, mai 2011\" style=\"margin: 0 auto; display: block;\" alt=\"GroupeNB2.jpg\" src=\"\/lechatnoir07\/public\/2011\/SenteursPascales\/NoirBlanc\/.GroupeNB2_m.jpg\" \/><\/a><\/p>\n<p><\/p>\n<hr>\n<p><\/p>\n<p><a title=\"GroupeNB3.jpg\" href=\"\/lechatnoir07\/public\/2011\/SenteursPascales\/NoirBlanc\/GroupeNB3.jpg\"><img decoding=\"async\" title=\"GroupeNB3.jpg, mai 2011\" style=\"margin: 0 auto; display: block;\" alt=\"GroupeNB3.jpg\" src=\"\/lechatnoir07\/public\/2011\/SenteursPascales\/NoirBlanc\/.GroupeNB3_m.jpg\" \/><\/a><\/p>\n<p><\/p>\n<hr>\n<p><\/p>\n<p><a title=\"GroupeNB4.jpg\" href=\"\/lechatnoir07\/public\/2011\/SenteursPascales\/NoirBlanc\/GroupeNB4.jpg\"><img decoding=\"async\" title=\"GroupeNB4.jpg, mai 2011\" style=\"margin: 0 auto; display: block;\" alt=\"GroupeNB4.jpg\" src=\"\/lechatnoir07\/public\/2011\/SenteursPascales\/NoirBlanc\/.GroupeNB4_m.jpg\" \/><\/a><\/p>\n<hr>\n<p><center><strong>CLIQUEZ SUR LES IMAGES &#8230;. c&#8217;est tellement plus joli !!!<\/strong><\/center> <\/p>\n<hr>\n<div class=\"rtsocial-container rtsocial-container-align-center rtsocial-icon-count\"><div class=\"rtsocial-twitter-icon\"> <div class=\"rtsocial-twitter-icon-button\"><a title=\"Tweet: Senteurs pascales : Un dimanche au bord de l&#8217;eau (version noir et blanc)\" class=\"rtsocial-twitter-icon-link\" href= \"https:\/\/twitter.com\/share?text=Senteurs%20pascales%20%3A%20Un%20dimanche%20au%20bord%20de%20l%27eau%20%28version%20noir%20et%20blanc%29&url=https%3A%2F%2Floeilduchatnoir.fr%2Fblog%2F%3Fp%3D152\" target= \"_blank\"><\/a><\/div><\/div><div class=\"rtsocial-fb-icon\" class=\"\"> <div class=\"rtsocial-fb-icon-button\"><a title=\"Share: Senteurs pascales : Un dimanche au bord de l&#8217;eau (version noir et blanc)\" class=\"rtsocial-fb-icon-link\" href=\"https:\/\/www.facebook.com\/sharer.php?u=https%3A%2F%2Floeilduchatnoir.fr%2Fblog%2F%3Fp%3D152\" target= \"_blank\"><\/a><\/div><div class=\"rtsocial-horizontal-count\"><div class=\"rtsocial-horizontal-notch\"><\/div><span class=\"rtsocial-fb-count\"><\/span><\/div><\/div><a rel=\"nofollow\" class=\"perma-link\" href=\"https:\/\/loeilduchatnoir.fr\/blog\/?p=152\" title=\"Senteurs pascales : Un dimanche au bord de l&#8217;eau (version noir et blanc)\"><\/a><input type=\"hidden\" name=\"rts_id\" class=\"rts_id\" value=\"152\" \/><input type=\"hidden\" id=\"rts_media_nonce\" name=\"rts_media_nonce\" value=\"07c95f0707\" \/><input type=\"hidden\" name=\"_wp_http_referer\" value=\"\/blog\/index.php?rest_route=%2Fwp%2Fv2%2Fposts%2F152\" \/><\/div>","protected":false},"excerpt":{"rendered":"<p>P\u00e2ques c&#8217;est avant tout un week end familial. A Uzer, c&#8217;est souvent de grande tabl\u00e9e autour d&#8217;un repas qui traine en longueur jusqu&#8217;\u00e0 l&#8217;alanguissement au bord de l&#8217;eau \u00e0 essayer d&#8217;attraper quelques malheureux vairons. Les enfants adorent. Les parents parfois <span class=\"excerpt-dots\">&hellip;<\/span> <a class=\"more-link\" href=\"https:\/\/loeilduchatnoir.fr\/blog\/?p=152\"><span class=\"more-msg\">Lire la suite &rarr;<\/span><\/a><\/p>\n<div class=\"rtsocial-container rtsocial-container-align-center rtsocial-icon-count\">\n<div class=\"rtsocial-twitter-icon\">\n<div class=\"rtsocial-twitter-icon-button\"><a title=\"Tweet: Senteurs pascales : Un dimanche au bord de l&#8217;eau (version noir et blanc)\" class=\"rtsocial-twitter-icon-link\" href= \"https:\/\/twitter.com\/share?text=Senteurs%20pascales%20%3A%20Un%20dimanche%20au%20bord%20de%20l%27eau%20%28version%20noir%20et%20blanc%29&#038;url=https%3A%2F%2Floeilduchatnoir.fr%2Fblog%2F%3Fp%3D152\" target= \"_blank\"><\/a><\/div>\n<\/div>\n<div class=\"rtsocial-fb-icon\" class=\"\">\n<div class=\"rtsocial-fb-icon-button\"><a title=\"Share: Senteurs pascales : Un dimanche au bord de l&#8217;eau (version noir et blanc)\" class=\"rtsocial-fb-icon-link\" href=\"https:\/\/www.facebook.com\/sharer.php?u=https%3A%2F%2Floeilduchatnoir.fr%2Fblog%2F%3Fp%3D152\" target= \"_blank\"><\/a><\/div>\n<div class=\"rtsocial-horizontal-count\">\n<div class=\"rtsocial-horizontal-notch\"><\/div>\n<p><span class=\"rtsocial-fb-count\"><\/span><\/div>\n<\/div>\n<p><a rel=\"nofollow\" class=\"perma-link\" href=\"https:\/\/loeilduchatnoir.fr\/blog\/?p=152\" title=\"Senteurs pascales : Un dimanche au bord de l&#8217;eau (version noir et blanc)\"><\/a><input type=\"hidden\" name=\"rts_id\" class=\"rts_id\" value=\"152\" \/><input type=\"hidden\" id=\"rts_media_nonce\" name=\"rts_media_nonce\" value=\"07c95f0707\" \/><input type=\"hidden\" name=\"_wp_http_referer\" value=\"\/blog\/index.php?rest_route=%2Fwp%2Fv2%2Fposts%2F152\" \/><\/div>\n","protected":false},"author":2,"featured_media":0,"comment_status":"open","ping_status":"closed","sticky":false,"template":"","format":"standard","meta":{"_acf_changed":false,"footnotes":""},"categories":[20],"tags":[29,43,39,52,69],"class_list":["post-152","post","type-post","status-publish","format-standard","hentry","category-univers-cevenol","tag-ardeche","tag-cevennes","tag-divers","tag-la-famille-les-amis","tag-photo"],"acf":[],"_links":{"self":[{"href":"https:\/\/loeilduchatnoir.fr\/blog\/index.php?rest_route=\/wp\/v2\/posts\/152","targetHints":{"allow":["GET"]}}],"collection":[{"href":"https:\/\/loeilduchatnoir.fr\/blog\/index.php?rest_route=\/wp\/v2\/posts"}],"about":[{"href":"https:\/\/loeilduchatnoir.fr\/blog\/index.php?rest_route=\/wp\/v2\/types\/post"}],"author":[{"embeddable":true,"href":"https:\/\/loeilduchatnoir.fr\/blog\/index.php?rest_route=\/wp\/v2\/users\/2"}],"replies":[{"embeddable":true,"href":"https:\/\/loeilduchatnoir.fr\/blog\/index.php?rest_route=%2Fwp%2Fv2%2Fcomments&post=152"}],"version-history":[{"count":0,"href":"https:\/\/loeilduchatnoir.fr\/blog\/index.php?rest_route=\/wp\/v2\/posts\/152\/revisions"}],"wp:attachment":[{"href":"https:\/\/loeilduchatnoir.fr\/blog\/index.php?rest_route=%2Fwp%2Fv2%2Fmedia&parent=152"}],"wp:term":[{"taxonomy":"category","embeddable":true,"href":"https:\/\/loeilduchatnoir.fr\/blog\/index.php?rest_route=%2Fwp%2Fv2%2Fcategories&post=152"},{"taxonomy":"post_tag","embeddable":true,"href":"https:\/\/loeilduchatnoir.fr\/blog\/index.php?rest_route=%2Fwp%2Fv2%2Ftags&post=152"}],"curies":[{"name":"wp","href":"https:\/\/api.w.org\/{rel}","templated":true}]}}