{"id":156,"date":"2011-06-01T15:23:00","date_gmt":"2011-06-01T15:23:00","guid":{"rendered":"http:\/\/loeilduchatnoir.fr\/blog\/?p=156"},"modified":"2011-06-01T15:23:00","modified_gmt":"2011-06-01T15:23:00","slug":"printemps-pastel","status":"publish","type":"post","link":"https:\/\/loeilduchatnoir.fr\/blog\/?p=156","title":{"rendered":"Printemps pastel"},"content":{"rendered":"<hr>\n<p>Bien que les temp\u00e9ratures soient plut\u00f4t estivales, le printemps continue \u00e0 nous \u00e9clater au visage.<\/p>\n<p>Petite serie toute en couleurs pastelles &#8230;<\/p>\n<hr>\n<p><\/p>\n<p><a title=\"Tilleuil.jpg\" href=\"\/lechatnoir07\/public\/2011\/PrintempsPastel\/Tilleuil.jpg\"><img decoding=\"async\" title=\"Tilleuil.jpg, juin 2011\" style=\"margin: 0 auto; display: block;\" alt=\"Tilleuil.jpg\" src=\"\/lechatnoir07\/public\/2011\/PrintempsPastel\/.Tilleuil_m.jpg\" \/><\/a><\/p>\n<p><\/p>\n<hr>\n<p><\/p>\n<p><a title=\"Cerises.jpg\" href=\"\/lechatnoir07\/public\/2011\/PrintempsPastel\/Cerises.jpg\"><img decoding=\"async\" title=\"Cerises.jpg, juin 2011\" style=\"margin: 0 auto; display: block;\" alt=\"Cerises.jpg\" src=\"\/lechatnoir07\/public\/2011\/PrintempsPastel\/.Cerises_m.jpg\" \/><\/a><\/p>\n<p><\/p>\n<hr>\n<p><\/p>\n<p><a title=\"HerbesFolles.jpg\" href=\"\/lechatnoir07\/public\/2011\/PrintempsPastel\/HerbesFolles.jpg\"><img decoding=\"async\" title=\"HerbesFolles.jpg, juin 2011\" style=\"margin: 0 auto; display: block;\" alt=\"HerbesFolles.jpg\" src=\"\/lechatnoir07\/public\/2011\/PrintempsPastel\/.HerbesFolles_m.jpg\" \/><\/a><\/p>\n<p><\/p>\n<hr>\n<p>En esp\u00e9rant la pluie &#8230;<\/p>\n<p><\/p>\n<hr>\n<p><center><strong>CLIQUEZ SUR UNE PHOTO, c&#8217;est tellement plus joli !!!<\/strong> <\/center><\/p>\n<hr>\n<div class=\"rtsocial-container rtsocial-container-align-center rtsocial-icon-count\"><div class=\"rtsocial-twitter-icon\"> <div class=\"rtsocial-twitter-icon-button\"><a title=\"Tweet: Printemps pastel\" class=\"rtsocial-twitter-icon-link\" href= \"https:\/\/twitter.com\/share?text=Printemps%20pastel&url=https%3A%2F%2Floeilduchatnoir.fr%2Fblog%2F%3Fp%3D156\" target= \"_blank\"><\/a><\/div><\/div><div class=\"rtsocial-fb-icon\" class=\"\"> <div class=\"rtsocial-fb-icon-button\"><a title=\"Share: Printemps pastel\" class=\"rtsocial-fb-icon-link\" href=\"https:\/\/www.facebook.com\/sharer.php?u=https%3A%2F%2Floeilduchatnoir.fr%2Fblog%2F%3Fp%3D156\" target= \"_blank\"><\/a><\/div><div class=\"rtsocial-horizontal-count\"><div class=\"rtsocial-horizontal-notch\"><\/div><span class=\"rtsocial-fb-count\"><\/span><\/div><\/div><a rel=\"nofollow\" class=\"perma-link\" href=\"https:\/\/loeilduchatnoir.fr\/blog\/?p=156\" title=\"Printemps pastel\"><\/a><input type=\"hidden\" name=\"rts_id\" class=\"rts_id\" value=\"156\" \/><input type=\"hidden\" id=\"rts_media_nonce\" name=\"rts_media_nonce\" value=\"3770703e8d\" \/><input type=\"hidden\" name=\"_wp_http_referer\" value=\"\/blog\/index.php?rest_route=%2Fwp%2Fv2%2Fposts%2F156\" \/><\/div>","protected":false},"excerpt":{"rendered":"<p>Bien que les temp\u00e9ratures soient plut\u00f4t estivales, le printemps continue \u00e0 nous \u00e9clater au visage. Petite serie toute en couleurs pastelles &#8230; En esp\u00e9rant la pluie &#8230; CLIQUEZ SUR UNE PHOTO, c&#8217;est tellement plus joli !!!<\/p>\n<div class=\"rtsocial-container rtsocial-container-align-center rtsocial-icon-count\">\n<div class=\"rtsocial-twitter-icon\">\n<div class=\"rtsocial-twitter-icon-button\"><a title=\"Tweet: Printemps pastel\" class=\"rtsocial-twitter-icon-link\" href= \"https:\/\/twitter.com\/share?text=Printemps%20pastel&#038;url=https%3A%2F%2Floeilduchatnoir.fr%2Fblog%2F%3Fp%3D156\" target= \"_blank\"><\/a><\/div>\n<\/div>\n<div class=\"rtsocial-fb-icon\" class=\"\">\n<div class=\"rtsocial-fb-icon-button\"><a title=\"Share: Printemps pastel\" class=\"rtsocial-fb-icon-link\" href=\"https:\/\/www.facebook.com\/sharer.php?u=https%3A%2F%2Floeilduchatnoir.fr%2Fblog%2F%3Fp%3D156\" target= \"_blank\"><\/a><\/div>\n<div class=\"rtsocial-horizontal-count\">\n<div class=\"rtsocial-horizontal-notch\"><\/div>\n<p><span class=\"rtsocial-fb-count\"><\/span><\/div>\n<\/div>\n<p><a rel=\"nofollow\" class=\"perma-link\" href=\"https:\/\/loeilduchatnoir.fr\/blog\/?p=156\" title=\"Printemps pastel\"><\/a><input type=\"hidden\" name=\"rts_id\" class=\"rts_id\" value=\"156\" \/><input type=\"hidden\" id=\"rts_media_nonce\" name=\"rts_media_nonce\" value=\"3770703e8d\" \/><input type=\"hidden\" name=\"_wp_http_referer\" value=\"\/blog\/index.php?rest_route=%2Fwp%2Fv2%2Fposts%2F156\" \/><\/div>\n <a class=\"more-link\" href=\"https:\/\/loeilduchatnoir.fr\/blog\/?p=156\"><span class=\"more-msg\">Lire la suite &rarr;<\/span><\/a>","protected":false},"author":2,"featured_media":0,"comment_status":"open","ping_status":"closed","sticky":false,"template":"","format":"standard","meta":{"_acf_changed":false,"footnotes":""},"categories":[20],"tags":[29,43,39,34,69],"class_list":["post-156","post","type-post","status-publish","format-standard","hentry","category-univers-cevenol","tag-ardeche","tag-cevennes","tag-divers","tag-evasion","tag-photo"],"acf":[],"_links":{"self":[{"href":"https:\/\/loeilduchatnoir.fr\/blog\/index.php?rest_route=\/wp\/v2\/posts\/156","targetHints":{"allow":["GET"]}}],"collection":[{"href":"https:\/\/loeilduchatnoir.fr\/blog\/index.php?rest_route=\/wp\/v2\/posts"}],"about":[{"href":"https:\/\/loeilduchatnoir.fr\/blog\/index.php?rest_route=\/wp\/v2\/types\/post"}],"author":[{"embeddable":true,"href":"https:\/\/loeilduchatnoir.fr\/blog\/index.php?rest_route=\/wp\/v2\/users\/2"}],"replies":[{"embeddable":true,"href":"https:\/\/loeilduchatnoir.fr\/blog\/index.php?rest_route=%2Fwp%2Fv2%2Fcomments&post=156"}],"version-history":[{"count":0,"href":"https:\/\/loeilduchatnoir.fr\/blog\/index.php?rest_route=\/wp\/v2\/posts\/156\/revisions"}],"wp:attachment":[{"href":"https:\/\/loeilduchatnoir.fr\/blog\/index.php?rest_route=%2Fwp%2Fv2%2Fmedia&parent=156"}],"wp:term":[{"taxonomy":"category","embeddable":true,"href":"https:\/\/loeilduchatnoir.fr\/blog\/index.php?rest_route=%2Fwp%2Fv2%2Fcategories&post=156"},{"taxonomy":"post_tag","embeddable":true,"href":"https:\/\/loeilduchatnoir.fr\/blog\/index.php?rest_route=%2Fwp%2Fv2%2Ftags&post=156"}],"curies":[{"name":"wp","href":"https:\/\/api.w.org\/{rel}","templated":true}]}}