{"id":158,"date":"2011-06-20T22:26:00","date_gmt":"2011-06-20T22:26:00","guid":{"rendered":"http:\/\/loeilduchatnoir.fr\/blog\/?p=158"},"modified":"2011-06-20T22:26:00","modified_gmt":"2011-06-20T22:26:00","slug":"ballade-en-noir-et-blanc","status":"publish","type":"post","link":"https:\/\/loeilduchatnoir.fr\/blog\/?p=158","title":{"rendered":"Ballade en Noir et Blanc"},"content":{"rendered":"<p>Peu de p\u00eache encore ce week end. Parce que le vent soufflait fort, parce que le ciel \u00e9tait gris, parce que mes pens\u00e9es \u00e9taient ailleurs et bien sombres &#8230;<\/p>\n<p>Rien de tel qu&#8217;une petite vir\u00e9e dans le Gras, les chevilles griff\u00e9es par les argevelles, l&#8217;appareil photo en bandouli\u00e8re pour quelques clich\u00e9s d&#8217;une ballade en noir et blanc en attendant de jours meilleurs &#8230;<\/p>\n<p><a title=\"Vue d'Uzer\" href=\"\/lechatnoir07\/public\/2011\/BalladeEnNetB\/BalladeEnN_B1.jpg\"><img decoding=\"async\" title=\"Vue d'Uzer, juin 2011\" style=\"margin: 0 auto; display: block;\" alt=\"Vue d'Uzer\" src=\"\/lechatnoir07\/public\/2011\/BalladeEnNetB\/.BalladeEnN_B1_m.jpg\" \/><\/a><\/p>\n<p><a title=\"Vue panoramique de Chassiers\" href=\"\/lechatnoir07\/public\/2011\/BalladeEnNetB\/BalladeEnN_B2.jpg\"><img decoding=\"async\" title=\"Vue panoramique de Chassiers, juin 2011\" style=\"margin: 0 auto; display: block;\" alt=\"Vue panoramique de Chassiers\" src=\"\/lechatnoir07\/public\/2011\/BalladeEnNetB\/.BalladeEnN_B2_m.jpg\" \/><\/a><\/p>\n<p><a title=\"Vue de Chassiers\" href=\"\/lechatnoir07\/public\/2011\/BalladeEnNetB\/BalladeEnN_B4.jpg\"><img decoding=\"async\" title=\"Vue de Chassiers, juin 2011\" style=\"margin: 0 auto; display: block;\" alt=\"Vue de Chassiers\" src=\"\/lechatnoir07\/public\/2011\/BalladeEnNetB\/.BalladeEnN_B4_m.jpg\" \/><\/a><\/p>\n<p><a title=\"Vieil olivier\" href=\"\/lechatnoir07\/public\/2011\/BalladeEnNetB\/BalladeEnN_B5.jpg\"><img decoding=\"async\" title=\"Vieil olivier, juin 2011\" style=\"margin: 0 auto; display: block;\" alt=\"Vieil olivier\" src=\"\/lechatnoir07\/public\/2011\/BalladeEnNetB\/.BalladeEnN_B5_m.jpg\" \/><\/a><\/p>\n<p><a title=\"Dans le Gras\" href=\"\/lechatnoir07\/public\/2011\/BalladeEnNetB\/BalladeEnN_B6.jpg\"><img decoding=\"async\" title=\"Dans le Gras, juin 2011\" style=\"margin: 0 auto; display: block;\" alt=\"Dans le Gras\" src=\"\/lechatnoir07\/public\/2011\/BalladeEnNetB\/.BalladeEnN_B6_m.jpg\" \/><\/a><\/p>\n<p><a title=\"Souche de genevrier\" href=\"\/lechatnoir07\/public\/2011\/BalladeEnNetB\/BalladeEnN_B7.jpg\"><img decoding=\"async\" title=\"Souche de genevrier, juin 2011\" style=\"margin: 0 auto; display: block;\" alt=\"Souche de genevrier\" src=\"\/lechatnoir07\/public\/2011\/BalladeEnNetB\/.BalladeEnN_B7_m.jpg\" \/><\/a><\/p>\n<p><a title=\"Retour \u00e0 la civilisation\" href=\"\/lechatnoir07\/public\/2011\/BalladeEnNetB\/BalladeEnN_B8.jpg\"><img decoding=\"async\" title=\"Retour \u00e0 la civilisation, juin 2011\" style=\"margin: 0 auto; display: block;\" alt=\"Retour \u00e0 la civilisation\" src=\"\/lechatnoir07\/public\/2011\/BalladeEnNetB\/.BalladeEnN_B8_m.jpg\" \/><\/a><\/p>\n<p><a title=\"Traine-godasse\" href=\"\/lechatnoir07\/public\/2011\/BalladeEnNetB\/BalladeEnN_B3.jpg\"><img decoding=\"async\" title=\"Traine-godasse, juin 2011\" style=\"margin: 0 auto; display: block;\" alt=\"Traine-godasse\" src=\"\/lechatnoir07\/public\/2011\/BalladeEnNetB\/.BalladeEnN_B3_m.jpg\" \/><\/a><\/p>\n<hr>\n<p><center><strong>CLIQUEZ SUR UNE PHOTO, c&#8217;est tellement plus joli !!!<\/strong> <\/center><\/p>\n<hr>\n<div class=\"rtsocial-container rtsocial-container-align-center rtsocial-icon-count\"><div class=\"rtsocial-twitter-icon\"> <div class=\"rtsocial-twitter-icon-button\"><a title=\"Tweet: Ballade en Noir et Blanc\" class=\"rtsocial-twitter-icon-link\" href= \"https:\/\/twitter.com\/share?text=Ballade%20en%20Noir%20et%20Blanc&url=https%3A%2F%2Floeilduchatnoir.fr%2Fblog%2F%3Fp%3D158\" target= \"_blank\"><\/a><\/div><\/div><div class=\"rtsocial-fb-icon\" class=\"\"> <div class=\"rtsocial-fb-icon-button\"><a title=\"Share: Ballade en Noir et Blanc\" class=\"rtsocial-fb-icon-link\" href=\"https:\/\/www.facebook.com\/sharer.php?u=https%3A%2F%2Floeilduchatnoir.fr%2Fblog%2F%3Fp%3D158\" target= \"_blank\"><\/a><\/div><div class=\"rtsocial-horizontal-count\"><div class=\"rtsocial-horizontal-notch\"><\/div><span class=\"rtsocial-fb-count\"><\/span><\/div><\/div><a rel=\"nofollow\" class=\"perma-link\" href=\"https:\/\/loeilduchatnoir.fr\/blog\/?p=158\" title=\"Ballade en Noir et Blanc\"><\/a><input type=\"hidden\" name=\"rts_id\" class=\"rts_id\" value=\"158\" \/><input type=\"hidden\" id=\"rts_media_nonce\" name=\"rts_media_nonce\" value=\"243f47e85f\" \/><input type=\"hidden\" name=\"_wp_http_referer\" value=\"\/blog\/index.php?rest_route=%2Fwp%2Fv2%2Fposts%2F158\" \/><\/div>","protected":false},"excerpt":{"rendered":"<p>Peu de p\u00eache encore ce week end. Parce que le vent soufflait fort, parce que le ciel \u00e9tait gris, parce que mes pens\u00e9es \u00e9taient ailleurs et bien sombres &#8230; Rien de tel qu&#8217;une petite vir\u00e9e dans le Gras, les chevilles <span class=\"excerpt-dots\">&hellip;<\/span> <a class=\"more-link\" href=\"https:\/\/loeilduchatnoir.fr\/blog\/?p=158\"><span class=\"more-msg\">Lire la suite &rarr;<\/span><\/a><\/p>\n<div class=\"rtsocial-container rtsocial-container-align-center rtsocial-icon-count\">\n<div class=\"rtsocial-twitter-icon\">\n<div class=\"rtsocial-twitter-icon-button\"><a title=\"Tweet: Ballade en Noir et Blanc\" class=\"rtsocial-twitter-icon-link\" href= \"https:\/\/twitter.com\/share?text=Ballade%20en%20Noir%20et%20Blanc&#038;url=https%3A%2F%2Floeilduchatnoir.fr%2Fblog%2F%3Fp%3D158\" target= \"_blank\"><\/a><\/div>\n<\/div>\n<div class=\"rtsocial-fb-icon\" class=\"\">\n<div class=\"rtsocial-fb-icon-button\"><a title=\"Share: Ballade en Noir et Blanc\" class=\"rtsocial-fb-icon-link\" href=\"https:\/\/www.facebook.com\/sharer.php?u=https%3A%2F%2Floeilduchatnoir.fr%2Fblog%2F%3Fp%3D158\" target= \"_blank\"><\/a><\/div>\n<div class=\"rtsocial-horizontal-count\">\n<div class=\"rtsocial-horizontal-notch\"><\/div>\n<p><span class=\"rtsocial-fb-count\"><\/span><\/div>\n<\/div>\n<p><a rel=\"nofollow\" class=\"perma-link\" href=\"https:\/\/loeilduchatnoir.fr\/blog\/?p=158\" title=\"Ballade en Noir et Blanc\"><\/a><input type=\"hidden\" name=\"rts_id\" class=\"rts_id\" value=\"158\" \/><input type=\"hidden\" id=\"rts_media_nonce\" name=\"rts_media_nonce\" value=\"243f47e85f\" \/><input type=\"hidden\" name=\"_wp_http_referer\" value=\"\/blog\/index.php?rest_route=%2Fwp%2Fv2%2Fposts%2F158\" \/><\/div>\n","protected":false},"author":2,"featured_media":0,"comment_status":"open","ping_status":"closed","sticky":false,"template":"","format":"standard","meta":{"_acf_changed":false,"footnotes":""},"categories":[20],"tags":[29,43,39,34,69],"class_list":["post-158","post","type-post","status-publish","format-standard","hentry","category-univers-cevenol","tag-ardeche","tag-cevennes","tag-divers","tag-evasion","tag-photo"],"acf":[],"_links":{"self":[{"href":"https:\/\/loeilduchatnoir.fr\/blog\/index.php?rest_route=\/wp\/v2\/posts\/158","targetHints":{"allow":["GET"]}}],"collection":[{"href":"https:\/\/loeilduchatnoir.fr\/blog\/index.php?rest_route=\/wp\/v2\/posts"}],"about":[{"href":"https:\/\/loeilduchatnoir.fr\/blog\/index.php?rest_route=\/wp\/v2\/types\/post"}],"author":[{"embeddable":true,"href":"https:\/\/loeilduchatnoir.fr\/blog\/index.php?rest_route=\/wp\/v2\/users\/2"}],"replies":[{"embeddable":true,"href":"https:\/\/loeilduchatnoir.fr\/blog\/index.php?rest_route=%2Fwp%2Fv2%2Fcomments&post=158"}],"version-history":[{"count":0,"href":"https:\/\/loeilduchatnoir.fr\/blog\/index.php?rest_route=\/wp\/v2\/posts\/158\/revisions"}],"wp:attachment":[{"href":"https:\/\/loeilduchatnoir.fr\/blog\/index.php?rest_route=%2Fwp%2Fv2%2Fmedia&parent=158"}],"wp:term":[{"taxonomy":"category","embeddable":true,"href":"https:\/\/loeilduchatnoir.fr\/blog\/index.php?rest_route=%2Fwp%2Fv2%2Fcategories&post=158"},{"taxonomy":"post_tag","embeddable":true,"href":"https:\/\/loeilduchatnoir.fr\/blog\/index.php?rest_route=%2Fwp%2Fv2%2Ftags&post=158"}],"curies":[{"name":"wp","href":"https:\/\/api.w.org\/{rel}","templated":true}]}}