{"id":159,"date":"2011-10-25T15:17:00","date_gmt":"2011-10-25T15:17:00","guid":{"rendered":"http:\/\/loeilduchatnoir.fr\/blog\/?p=159"},"modified":"2011-10-25T15:17:00","modified_gmt":"2011-10-25T15:17:00","slug":"couleurs-d-automne","status":"publish","type":"post","link":"https:\/\/loeilduchatnoir.fr\/blog\/?p=159","title":{"rendered":"Couleurs d&#8217;automne"},"content":{"rendered":"<p>La saison se pr\u00eatant aux p\u00eaches en r\u00e9servoir, j&#8217;avais pr\u00e9vu de profiter d&#8217;un jour de repos pour rejoindre <a href=\"http:\/\/www.lespecheursardechois.com\/\">Monselgues<\/a>. <br \/>Trois mois sans pluie et le ciel choisit ce jour pour soulager ses envies !!! \u00c9pisode c\u00e9venol qu&#8217;ils disent dans le poste !!!<\/p>\n<p>Me restait plus qu&#8217;\u00e0 flemmarder \u00e0 la maison. Et profiter pour faire du tri dans les photos encombrant mon disque dur. <\/p>\n<p>Finalement il en restait quelques unes encore non trait\u00e9es. Et apr\u00e8s quelques minutes de traitement, de sortir une petite s\u00e9rie aux couleurs d&#8217;automne &#8230;<\/p>\n<p><a title=\"Plateau de Planzolle avec vue sur le Ventoux\" href=\"\/lechatnoir07\/public\/2011\/Automnale\/Automne04.jpg\"><img decoding=\"async\" title=\"Plateau de Planzolle avec vue sur le Ventoux, oct. 2011\" style=\"margin: 0 auto; display: block;\" alt=\"Plateau de Planzolle avec vue sur le Ventoux\" src=\"\/lechatnoir07\/public\/2011\/Automnale\/.Automne04_m.jpg\" \/><\/a><br \/><a title=\"C\u00e8pe naissant\" href=\"\/lechatnoir07\/public\/2011\/Automnale\/Automne05.jpg\"><img decoding=\"async\" title=\"C\u00e8pe naissant, oct. 2011\" style=\"margin: 0 auto; display: block;\" alt=\"C\u00e8pe naissant\" src=\"\/lechatnoir07\/public\/2011\/Automnale\/.Automne05_m.jpg\" \/><\/a><br \/><a title=\"Pouss\u00e9e d'automne\" href=\"\/lechatnoir07\/public\/2011\/Automnale\/Automne01.jpg\"><img decoding=\"async\" title=\"Pouss\u00e9e d'automne, oct. 2011\" style=\"margin: 0 auto; display: block;\" alt=\"Pouss\u00e9e d'automne\" src=\"\/lechatnoir07\/public\/2011\/Automnale\/.Automne01_m.jpg\" \/><\/a><br \/><a title=\"Chataignes\" href=\"\/lechatnoir07\/public\/2011\/Automnale\/Automne02.jpg\"><img decoding=\"async\" title=\"Chataignes, oct. 2011\" style=\"margin: 0 auto; display: block;\" alt=\"Chataignes\" src=\"\/lechatnoir07\/public\/2011\/Automnale\/.Automne02_m.jpg\" \/><\/a><br \/><a title=\"Foug\u00e8res\" href=\"\/lechatnoir07\/public\/2011\/Automnale\/Automne03.jpg\"><img decoding=\"async\" title=\"Foug\u00e8res, oct. 2011\" style=\"margin: 0 auto; display: block;\" alt=\"Foug\u00e8res\" src=\"\/lechatnoir07\/public\/2011\/Automnale\/.Automne03_m.jpg\" \/><\/a><br \/><a title=\"Nature d'automne\" href=\"\/lechatnoir07\/public\/2011\/Automnale\/Automne06.jpg\"><img decoding=\"async\" title=\"Nature d'automne, oct. 2011\" style=\"margin: 0 auto; display: block;\" alt=\"Nature d'automne\" src=\"\/lechatnoir07\/public\/2011\/Automnale\/.Automne06_m.jpg\" \/><\/a> <br \/><center><strong><span style=\"color: #FF0000\">CLIQUEZ SUR UNE PHOTO, c&#8217;est tellement plus joli !!!<\/span><\/strong> <\/center><\/p>\n<div class=\"rtsocial-container rtsocial-container-align-center rtsocial-icon-count\"><div class=\"rtsocial-twitter-icon\"> <div class=\"rtsocial-twitter-icon-button\"><a title=\"Tweet: Couleurs d&#8217;automne\" class=\"rtsocial-twitter-icon-link\" href= \"https:\/\/twitter.com\/share?text=Couleurs%20d%27automne&url=https%3A%2F%2Floeilduchatnoir.fr%2Fblog%2F%3Fp%3D159\" target= \"_blank\"><\/a><\/div><\/div><div class=\"rtsocial-fb-icon\" class=\"\"> <div class=\"rtsocial-fb-icon-button\"><a title=\"Share: Couleurs d&#8217;automne\" class=\"rtsocial-fb-icon-link\" href=\"https:\/\/www.facebook.com\/sharer.php?u=https%3A%2F%2Floeilduchatnoir.fr%2Fblog%2F%3Fp%3D159\" target= \"_blank\"><\/a><\/div><div class=\"rtsocial-horizontal-count\"><div class=\"rtsocial-horizontal-notch\"><\/div><span class=\"rtsocial-fb-count\"><\/span><\/div><\/div><a rel=\"nofollow\" class=\"perma-link\" href=\"https:\/\/loeilduchatnoir.fr\/blog\/?p=159\" title=\"Couleurs d&#8217;automne\"><\/a><input type=\"hidden\" name=\"rts_id\" class=\"rts_id\" value=\"159\" \/><input type=\"hidden\" id=\"rts_media_nonce\" name=\"rts_media_nonce\" value=\"c0f170db43\" \/><input type=\"hidden\" name=\"_wp_http_referer\" value=\"\/blog\/index.php?rest_route=%2Fwp%2Fv2%2Fposts%2F159\" \/><\/div>","protected":false},"excerpt":{"rendered":"<p>La saison se pr\u00eatant aux p\u00eaches en r\u00e9servoir, j&#8217;avais pr\u00e9vu de profiter d&#8217;un jour de repos pour rejoindre Monselgues. Trois mois sans pluie et le ciel choisit ce jour pour soulager ses envies !!! \u00c9pisode c\u00e9venol qu&#8217;ils disent dans le <span class=\"excerpt-dots\">&hellip;<\/span> <a class=\"more-link\" href=\"https:\/\/loeilduchatnoir.fr\/blog\/?p=159\"><span class=\"more-msg\">Lire la suite &rarr;<\/span><\/a><\/p>\n<div class=\"rtsocial-container rtsocial-container-align-center rtsocial-icon-count\">\n<div class=\"rtsocial-twitter-icon\">\n<div class=\"rtsocial-twitter-icon-button\"><a title=\"Tweet: Couleurs d&#8217;automne\" class=\"rtsocial-twitter-icon-link\" href= \"https:\/\/twitter.com\/share?text=Couleurs%20d%27automne&#038;url=https%3A%2F%2Floeilduchatnoir.fr%2Fblog%2F%3Fp%3D159\" target= \"_blank\"><\/a><\/div>\n<\/div>\n<div class=\"rtsocial-fb-icon\" class=\"\">\n<div class=\"rtsocial-fb-icon-button\"><a title=\"Share: Couleurs d&#8217;automne\" class=\"rtsocial-fb-icon-link\" href=\"https:\/\/www.facebook.com\/sharer.php?u=https%3A%2F%2Floeilduchatnoir.fr%2Fblog%2F%3Fp%3D159\" target= \"_blank\"><\/a><\/div>\n<div class=\"rtsocial-horizontal-count\">\n<div class=\"rtsocial-horizontal-notch\"><\/div>\n<p><span class=\"rtsocial-fb-count\"><\/span><\/div>\n<\/div>\n<p><a rel=\"nofollow\" class=\"perma-link\" href=\"https:\/\/loeilduchatnoir.fr\/blog\/?p=159\" title=\"Couleurs d&#8217;automne\"><\/a><input type=\"hidden\" name=\"rts_id\" class=\"rts_id\" value=\"159\" \/><input type=\"hidden\" id=\"rts_media_nonce\" name=\"rts_media_nonce\" value=\"c0f170db43\" \/><input type=\"hidden\" name=\"_wp_http_referer\" value=\"\/blog\/index.php?rest_route=%2Fwp%2Fv2%2Fposts%2F159\" \/><\/div>\n","protected":false},"author":2,"featured_media":0,"comment_status":"open","ping_status":"closed","sticky":false,"template":"","format":"standard","meta":{"_acf_changed":false,"footnotes":""},"categories":[20],"tags":[29,43,53,39,69],"class_list":["post-159","post","type-post","status-publish","format-standard","hentry","category-univers-cevenol","tag-ardeche","tag-cevennes","tag-champignons","tag-divers","tag-photo"],"acf":[],"_links":{"self":[{"href":"https:\/\/loeilduchatnoir.fr\/blog\/index.php?rest_route=\/wp\/v2\/posts\/159","targetHints":{"allow":["GET"]}}],"collection":[{"href":"https:\/\/loeilduchatnoir.fr\/blog\/index.php?rest_route=\/wp\/v2\/posts"}],"about":[{"href":"https:\/\/loeilduchatnoir.fr\/blog\/index.php?rest_route=\/wp\/v2\/types\/post"}],"author":[{"embeddable":true,"href":"https:\/\/loeilduchatnoir.fr\/blog\/index.php?rest_route=\/wp\/v2\/users\/2"}],"replies":[{"embeddable":true,"href":"https:\/\/loeilduchatnoir.fr\/blog\/index.php?rest_route=%2Fwp%2Fv2%2Fcomments&post=159"}],"version-history":[{"count":0,"href":"https:\/\/loeilduchatnoir.fr\/blog\/index.php?rest_route=\/wp\/v2\/posts\/159\/revisions"}],"wp:attachment":[{"href":"https:\/\/loeilduchatnoir.fr\/blog\/index.php?rest_route=%2Fwp%2Fv2%2Fmedia&parent=159"}],"wp:term":[{"taxonomy":"category","embeddable":true,"href":"https:\/\/loeilduchatnoir.fr\/blog\/index.php?rest_route=%2Fwp%2Fv2%2Fcategories&post=159"},{"taxonomy":"post_tag","embeddable":true,"href":"https:\/\/loeilduchatnoir.fr\/blog\/index.php?rest_route=%2Fwp%2Fv2%2Ftags&post=159"}],"curies":[{"name":"wp","href":"https:\/\/api.w.org\/{rel}","templated":true}]}}